{"id":3001,"date":"2021-04-30T16:57:00","date_gmt":"2021-04-30T23:57:00","guid":{"rendered":"https:\/\/capca.ca\/news-updates\/a-decade-of-impact-the-canadian-partnership-for-quality-radiotherapy-2010-to-2021\/"},"modified":"2025-04-21T15:27:13","modified_gmt":"2025-04-21T22:27:13","slug":"une-decennie-dimpact-partenariat-canadien-pour-la-qualite-en-radiotherapie-2010-a-2021","status":"publish","type":"news","link":"https:\/\/capca.ca\/fr\/news-updates\/une-decennie-dimpact-partenariat-canadien-pour-la-qualite-en-radiotherapie-2010-a-2021\/","title":{"rendered":"Une d\u00e9cennie d\u2019impact : Partenariat canadien pour la qualit\u00e9 en radioth\u00e9rapie, 2010 \u00e0 2021"},"content":{"rendered":"\n<div>\n<div class=\"capca-container\">\n<div class=\"gb-element-fd16a8a2\">\n<p class=\"wp-block-paragraph\">Au nom du PCQR et de ses partenaires, nous remercions la communaut\u00e9 de la radioth\u00e9rapie pour son engagement, son expertise et son leadership. Nous remercions tout particuli\u00e8rement le PCCC pour son soutien financier depuis plus d\u2019une d\u00e9cennie, ainsi que nos partenaires pour leur important investissement en nature.<\/p>\n\n\n\n<p class=\"wp-block-paragraph\">Tourn\u00e9 vers l\u2019avenir, le nouveau comit\u00e9 du PCQR de l\u2019ACAPC continuera d\u2019apporter de la valeur \u00e0 notre communaut\u00e9 et de veiller \u00e0 ce que le Canada reste \u00e0 l\u2019avant-garde de la planification et de l\u2019administration des radioth\u00e9rapies.<\/p>\n\n\n\n<p class=\"wp-block-paragraph\">Lire <a href=\"https:\/\/capca.ca\/wp-content\/uploads\/2025\/04\/Une-decennie-dimpact.pdf\">Une d\u00e9cennie d\u2019impact : Partenariat canadien pour la qualit\u00e9 en radioth\u00e9rapie, 2020 \u00e0 2021<\/a><\/p>\n<\/div>\n<\/div>\n<\/div>\n","protected":false},"excerpt":{"rendered":"<p>Au nom du PCQR et de ses partenaires, nous remercions la communaut\u00e9 de la radioth\u00e9rapie pour son engagement, son expertise et son leadership. Nous remercions tout particuli\u00e8rement le PCCC pour son soutien financier depuis plus d\u2019une d\u00e9cennie, ainsi que nos partenaires pour leur important investissement en nature.<\/p>\n","protected":false},"author":1,"featured_media":0,"template":"","meta":{"_acf_changed":false,"_crdt_document":"","_piecal_is_recurring":false,"_piecal_recurring_interval":1,"_piecal_recurring_frequency":"","_piecal_recurring_exact_position":false,"_piecal_recurring_end":"","_piecal_color":"","_piecal_text_color":"","_piecal_global_color_master":false,"_piecal_rsets":"[]","_piecal_is_event":false,"_piecal_start_date":"","_piecal_end_date":"","_piecal_is_allday":false,"inline_featured_image":false},"capca-initiative":[154],"featured-item":[],"news-type":[151],"topic":[157,158],"news-year":[164],"class_list":["post-3001","news","type-news","status-publish","hentry","capca-initiative-qualite-de-la-radiotherapie-et-acces","news-type-ressources-et-publications","topic-qualite-et-securite","topic-traitement","news-year-2021-fr"],"acf":[],"_links":{"self":[{"href":"https:\/\/capca.ca\/fr\/wp-json\/wp\/v2\/news\/3001","targetHints":{"allow":["GET"]}}],"collection":[{"href":"https:\/\/capca.ca\/fr\/wp-json\/wp\/v2\/news"}],"about":[{"href":"https:\/\/capca.ca\/fr\/wp-json\/wp\/v2\/types\/news"}],"author":[{"embeddable":true,"href":"https:\/\/capca.ca\/fr\/wp-json\/wp\/v2\/users\/1"}],"wp:attachment":[{"href":"https:\/\/capca.ca\/fr\/wp-json\/wp\/v2\/media?parent=3001"}],"wp:term":[{"taxonomy":"capca-initiative","embeddable":true,"href":"https:\/\/capca.ca\/fr\/wp-json\/wp\/v2\/capca-initiative?post=3001"},{"taxonomy":"featured-item","embeddable":true,"href":"https:\/\/capca.ca\/fr\/wp-json\/wp\/v2\/featured-item?post=3001"},{"taxonomy":"news-type","embeddable":true,"href":"https:\/\/capca.ca\/fr\/wp-json\/wp\/v2\/news-type?post=3001"},{"taxonomy":"topic","embeddable":true,"href":"https:\/\/capca.ca\/fr\/wp-json\/wp\/v2\/topic?post=3001"},{"taxonomy":"news-year","embeddable":true,"href":"https:\/\/capca.ca\/fr\/wp-json\/wp\/v2\/news-year?post=3001"}],"curies":[{"name":"wp","href":"https:\/\/api.w.org\/{rel}","templated":true}]}}