{"id":3747,"date":"2025-05-06T11:03:36","date_gmt":"2025-05-06T18:03:36","guid":{"rendered":"https:\/\/capca.ca\/news-updates\/capca-publishes-report-on-the-pan-canadian-strategic-oncology-workforce\/"},"modified":"2025-05-06T13:51:46","modified_gmt":"2025-05-06T20:51:46","slug":"lacapc-publie-un-rapport-strategique-pancanadien-sur-la-main-doeuvre-en-oncologie","status":"publish","type":"news","link":"https:\/\/capca.ca\/fr\/news-updates\/lacapc-publie-un-rapport-strategique-pancanadien-sur-la-main-doeuvre-en-oncologie\/","title":{"rendered":"L\u2019ACAPC publie un rapport strat\u00e9gique pancanadien sur la main-d\u2019\u0153uvre en oncologie"},"content":{"rendered":"\n<div>\n<div class=\"capca-container\">\n<div class=\"gb-element-42c95fea\">\n<p class=\"wp-block-paragraph\">En tant qu\u2019organisation regroupant les dirigeants de tous les organismes et programmes provinciaux de lutte contre le cancer, l\u2019Association canadienne des agences provinciales du cancer, avec le soutien de la Soci\u00e9t\u00e9 canadienne du cancer, a collabor\u00e9 avec les organismes membres et partenaires pour \u00e9valuer les d\u00e9fis li\u00e9s \u00e0 la main-d\u2019\u0153uvre en canc\u00e9rologie et trouver des moyens de les relever.<\/p>\n\n\n\n<p class=\"wp-block-paragraph\">Les r\u00e9sultats de l\u2019\u00e9valuation et les recommandations visant \u00e0 prioriser les solutions aux d\u00e9fis de la main-d\u2019\u0153uvre en canc\u00e9rologie ont \u00e9t\u00e9 publi\u00e9s dans un nouveau rapport intitul\u00e9 <em>Pan-Canadian Strategic Oncology Workforce Report: A Focus on Key Oncology Professions<\/em>.<\/p>\n\n\n\n<p class=\"wp-block-paragraph\"><a href=\"https:\/\/capca.ca\/fr\/document\/rapport-strategique-pancanadien-sur-la-main-doeuvre-en-oncologie-point-de-mire-sur-les-principales-professions-en-oncologie-mai-2025\/\">Le rapport (disponible en anglais uniquement) est disponible dans notre section Ressources.<\/a>.<\/p>\n<\/div>\n<\/div>\n<\/div>\n","protected":false},"excerpt":{"rendered":"<p>En tant qu\u2019organisation regroupant les dirigeants de tous les organismes et programmes provinciaux de lutte contre le cancer, l\u2019Association canadienne des agences provinciales du cancer, avec le soutien de la Soci\u00e9t\u00e9 canadienne du cancer, a collabor\u00e9 avec les organismes membres&#8230;<\/p>\n","protected":false},"author":1,"featured_media":0,"template":"","meta":{"_acf_changed":false,"_crdt_document":"","_piecal_is_recurring":false,"_piecal_recurring_interval":1,"_piecal_recurring_frequency":"","_piecal_recurring_exact_position":false,"_piecal_recurring_end":"","_piecal_color":"","_piecal_text_color":"","_piecal_global_color_master":false,"_piecal_rsets":"[]","_piecal_is_event":false,"_piecal_start_date":"","_piecal_end_date":"","_piecal_is_allday":false,"inline_featured_image":false},"capca-initiative":[153],"featured-item":[145],"news-type":[150,151],"topic":[156],"news-year":[159],"class_list":["post-3747","news","type-news","status-publish","hentry","capca-initiative-projet-strategique-sur-la-main-doeuvre-en-oncologie","featured-item-show-on-home-page","news-type-nouvelles-de-lacapc","news-type-ressources-et-publications","topic-ressources-humaines-en-sante","news-year-2025-fr"],"acf":[],"_links":{"self":[{"href":"https:\/\/capca.ca\/fr\/wp-json\/wp\/v2\/news\/3747","targetHints":{"allow":["GET"]}}],"collection":[{"href":"https:\/\/capca.ca\/fr\/wp-json\/wp\/v2\/news"}],"about":[{"href":"https:\/\/capca.ca\/fr\/wp-json\/wp\/v2\/types\/news"}],"author":[{"embeddable":true,"href":"https:\/\/capca.ca\/fr\/wp-json\/wp\/v2\/users\/1"}],"wp:attachment":[{"href":"https:\/\/capca.ca\/fr\/wp-json\/wp\/v2\/media?parent=3747"}],"wp:term":[{"taxonomy":"capca-initiative","embeddable":true,"href":"https:\/\/capca.ca\/fr\/wp-json\/wp\/v2\/capca-initiative?post=3747"},{"taxonomy":"featured-item","embeddable":true,"href":"https:\/\/capca.ca\/fr\/wp-json\/wp\/v2\/featured-item?post=3747"},{"taxonomy":"news-type","embeddable":true,"href":"https:\/\/capca.ca\/fr\/wp-json\/wp\/v2\/news-type?post=3747"},{"taxonomy":"topic","embeddable":true,"href":"https:\/\/capca.ca\/fr\/wp-json\/wp\/v2\/topic?post=3747"},{"taxonomy":"news-year","embeddable":true,"href":"https:\/\/capca.ca\/fr\/wp-json\/wp\/v2\/news-year?post=3747"}],"curies":[{"name":"wp","href":"https:\/\/api.w.org\/{rel}","templated":true}]}}